{"id":1622,"date":"2022-07-27T15:55:48","date_gmt":"2022-07-27T13:55:48","guid":{"rendered":"http:\/\/www.labuonaterrabio.it\/fr\/?p=1622"},"modified":"2026-03-24T11:53:43","modified_gmt":"2026-03-24T10:53:43","slug":"biofach-2022","status":"publish","type":"post","link":"https:\/\/www.labuonaterrabio.it\/fr\/blog\/2022\/07\/27\/biofach-2022\/","title":{"rendered":"BIOFACH 2022"},"content":{"rendered":"<p>La Buona Terra sera pr\u00e9sente du 26 au 29 juillet 2022 au <strong>BIOFACH<\/strong>, le principal salon mondial du secteur des produits biologiques, qui a lieu chaque ann\u00e9e \u00e0 Nuremberg.<\/p>\n<p><em>De nouveau en pr\u00e9sentiel !<\/em><\/p>\n<p>Apr\u00e8s l\u2019\u00e9dition 2021 qui s\u2019est faite en ligne, BIOFACH passe \u00e0 nouveau en pr\u00e9sentiel pour un rendez-vous \u00e0 ne pas manquer. Quatre jours enti\u00e8rement consacr\u00e9s au monde des produits biologiques qui verront interagir pr\u00e8s de 2 500 exposants avec plus de 40 000 visiteurs provenant du monde entier.<\/p>\n<p><em>Pourquoi y participons-nous ?<\/em><\/p>\n<p>L\u2019Allemagne se situe \u00e0 la deuxi\u00e8me place en tant que pays importateur de produits agroalimentaires biologiques et parmi les dix premiers pays europ\u00e9ens pour les d\u00e9penses en produits biologiques par habitant. C&#8217;est pour cette raison que l\u2019Allemagne reste l\u2019un des pays les plus int\u00e9ressants pour le monde agroalimentaire biologique.<\/p>\n<p>L&#8217;Italie est le deuxi\u00e8me pays pour les exportations de produits alimentaires biologiques dans le monde avec une valeur annuelle qui d\u00e9passe 2,5 milliards d&#8217;euros.<\/p>\n<p>Un autre facteur important concerne les d\u00e9penses alimentaires que la population allemande consacre aux produits BIO.<\/p>\n<p>En particulier, entre 2010 et 2019, ces d\u00e9penses sont pass\u00e9es de 3,7 \u00e0 5.7%.<\/p>\n<p><em>Venez nous rendre visite !<\/em><\/p>\n<p>Connaissez-vous les nouveaut\u00e9s biologiques La Buona Terra ? Vous nous trouverez au stand 445 &#8211; Hall 4.<\/p>\n","protected":false},"excerpt":{"rendered":"<p>La Buona Terra sera pr\u00e9sente du 26 au 29 juillet 2022 au BIOFACH, le principal salon mondial du secteur des produits biologiques, qui a lieu chaque ann\u00e9e \u00e0 Nuremberg. De nouveau en pr\u00e9sentiel ! Apr\u00e8s l\u2019\u00e9dition 2021 qui s\u2019est faite en ligne, BIOFACH passe \u00e0 nouveau en pr\u00e9sentiel pour un rendez-vous \u00e0 ne pas manquer. &hellip; <a href=\"https:\/\/www.labuonaterrabio.it\/fr\/blog\/2022\/07\/27\/biofach-2022\/\">Continued<\/a><\/p>\n","protected":false},"author":6,"featured_media":1623,"comment_status":"open","ping_status":"open","sticky":false,"template":"","format":"standard","meta":{"_acf_changed":false,"footnotes":""},"categories":[8],"tags":[],"class_list":["post-1622","post","type-post","status-publish","format-standard","has-post-thumbnail","hentry","category-news"],"acf":[],"yoast_head":"<!-- This site is optimized with the Yoast SEO plugin v27.2 - https:\/\/yoast.com\/product\/yoast-seo-wordpress\/ -->\n<title>BIOFACH 2022 - La Buona Terra Bio<\/title>\n<meta name=\"description\" content=\"La Buona Terra sera pr\u00e9sente du 26 au 29 juillet 2022 au BIOFACH, le principal salon mondial du secteur des produits biologiques, qui a lieu chaque ann\u00e9e \u00e0 Nuremberg.\" \/>\n<meta name=\"robots\" content=\"index, follow, max-snippet:-1, max-image-preview:large, max-video-preview:-1\" \/>\n<link rel=\"canonical\" href=\"https:\/\/www.labuonaterrabio.it\/fr\/blog\/2022\/07\/27\/biofach-2022\/\" \/>\n<meta property=\"og:locale\" content=\"fr_FR\" \/>\n<meta property=\"og:type\" content=\"article\" \/>\n<meta property=\"og:title\" content=\"BIOFACH 2022 - La Buona Terra Bio\" \/>\n<meta property=\"og:description\" content=\"La Buona Terra sera pr\u00e9sente du 26 au 29 juillet 2022 au BIOFACH, le principal salon mondial du secteur des produits biologiques, qui a lieu chaque ann\u00e9e \u00e0 Nuremberg.\" \/>\n<meta property=\"og:url\" content=\"https:\/\/www.labuonaterrabio.it\/fr\/blog\/2022\/07\/27\/biofach-2022\/\" \/>\n<meta property=\"og:site_name\" content=\"labuonaterrabio fr\" \/>\n<meta property=\"article:published_time\" content=\"2022-07-27T13:55:48+00:00\" \/>\n<meta property=\"article:modified_time\" content=\"2026-03-24T10:53:43+00:00\" \/>\n<meta property=\"og:image\" content=\"https:\/\/www.labuonaterrabio.it\/fr\/wp-content\/uploads\/sites\/3\/biofach2022.jpg\" \/>\n\t<meta property=\"og:image:width\" content=\"1920\" \/>\n\t<meta property=\"og:image:height\" content=\"720\" \/>\n\t<meta property=\"og:image:type\" content=\"image\/jpeg\" \/>\n<meta name=\"author\" content=\"labuonaterrauser\" \/>\n<meta name=\"twitter:card\" content=\"summary_large_image\" \/>\n<meta name=\"twitter:label1\" content=\"\u00c9crit par\" \/>\n\t<meta name=\"twitter:data1\" content=\"labuonaterrauser\" \/>\n\t<meta name=\"twitter:label2\" content=\"Dur\u00e9e de lecture estim\u00e9e\" \/>\n\t<meta name=\"twitter:data2\" content=\"1 minute\" \/>\n<script type=\"application\/ld+json\" class=\"yoast-schema-graph\">{\"@context\":\"https:\/\/schema.org\",\"@graph\":[{\"@type\":\"Article\",\"@id\":\"https:\/\/www.labuonaterrabio.it\/fr\/blog\/2022\/07\/27\/biofach-2022\/#article\",\"isPartOf\":{\"@id\":\"https:\/\/www.labuonaterrabio.it\/fr\/blog\/2022\/07\/27\/biofach-2022\/\"},\"author\":{\"name\":\"labuonaterrauser\",\"@id\":\"https:\/\/www.labuonaterrabio.it\/fr\/#\/schema\/person\/4a795fa2256a87cdd1a939297d5cf1f4\"},\"headline\":\"BIOFACH 2022\",\"datePublished\":\"2022-07-27T13:55:48+00:00\",\"dateModified\":\"2026-03-24T10:53:43+00:00\",\"mainEntityOfPage\":{\"@id\":\"https:\/\/www.labuonaterrabio.it\/fr\/blog\/2022\/07\/27\/biofach-2022\/\"},\"wordCount\":214,\"commentCount\":0,\"publisher\":{\"@id\":\"https:\/\/www.labuonaterrabio.it\/fr\/#organization\"},\"image\":{\"@id\":\"https:\/\/www.labuonaterrabio.it\/fr\/blog\/2022\/07\/27\/biofach-2022\/#primaryimage\"},\"thumbnailUrl\":\"https:\/\/www.labuonaterrabio.it\/fr\/wp-content\/uploads\/sites\/3\/biofach2022.jpg\",\"articleSection\":[\"news\"],\"inLanguage\":\"fr-FR\",\"potentialAction\":[{\"@type\":\"CommentAction\",\"name\":\"Comment\",\"target\":[\"https:\/\/www.labuonaterrabio.it\/fr\/blog\/2022\/07\/27\/biofach-2022\/#respond\"]}]},{\"@type\":\"WebPage\",\"@id\":\"https:\/\/www.labuonaterrabio.it\/fr\/blog\/2022\/07\/27\/biofach-2022\/\",\"url\":\"https:\/\/www.labuonaterrabio.it\/fr\/blog\/2022\/07\/27\/biofach-2022\/\",\"name\":\"BIOFACH 2022 - La Buona Terra Bio\",\"isPartOf\":{\"@id\":\"https:\/\/www.labuonaterrabio.it\/fr\/#website\"},\"primaryImageOfPage\":{\"@id\":\"https:\/\/www.labuonaterrabio.it\/fr\/blog\/2022\/07\/27\/biofach-2022\/#primaryimage\"},\"image\":{\"@id\":\"https:\/\/www.labuonaterrabio.it\/fr\/blog\/2022\/07\/27\/biofach-2022\/#primaryimage\"},\"thumbnailUrl\":\"https:\/\/www.labuonaterrabio.it\/fr\/wp-content\/uploads\/sites\/3\/biofach2022.jpg\",\"datePublished\":\"2022-07-27T13:55:48+00:00\",\"dateModified\":\"2026-03-24T10:53:43+00:00\",\"description\":\"La Buona Terra sera pr\u00e9sente du 26 au 29 juillet 2022 au BIOFACH, le principal salon mondial du secteur des produits biologiques, qui a lieu chaque ann\u00e9e \u00e0 Nuremberg.\",\"breadcrumb\":{\"@id\":\"https:\/\/www.labuonaterrabio.it\/fr\/blog\/2022\/07\/27\/biofach-2022\/#breadcrumb\"},\"inLanguage\":\"fr-FR\",\"potentialAction\":[{\"@type\":\"ReadAction\",\"target\":[\"https:\/\/www.labuonaterrabio.it\/fr\/blog\/2022\/07\/27\/biofach-2022\/\"]}]},{\"@type\":\"ImageObject\",\"inLanguage\":\"fr-FR\",\"@id\":\"https:\/\/www.labuonaterrabio.it\/fr\/blog\/2022\/07\/27\/biofach-2022\/#primaryimage\",\"url\":\"https:\/\/www.labuonaterrabio.it\/fr\/wp-content\/uploads\/sites\/3\/biofach2022.jpg\",\"contentUrl\":\"https:\/\/www.labuonaterrabio.it\/fr\/wp-content\/uploads\/sites\/3\/biofach2022.jpg\",\"width\":1920,\"height\":720},{\"@type\":\"BreadcrumbList\",\"@id\":\"https:\/\/www.labuonaterrabio.it\/fr\/blog\/2022\/07\/27\/biofach-2022\/#breadcrumb\",\"itemListElement\":[{\"@type\":\"ListItem\",\"position\":1,\"name\":\"Home\",\"item\":\"https:\/\/www.labuonaterrabio.it\/fr\/\"},{\"@type\":\"ListItem\",\"position\":2,\"name\":\"BIOFACH 2022\"}]},{\"@type\":\"WebSite\",\"@id\":\"https:\/\/www.labuonaterrabio.it\/fr\/#website\",\"url\":\"https:\/\/www.labuonaterrabio.it\/fr\/\",\"name\":\"labuonaterrabio fr\",\"description\":\"Un nuovo sito targato WordPress\",\"publisher\":{\"@id\":\"https:\/\/www.labuonaterrabio.it\/fr\/#organization\"},\"potentialAction\":[{\"@type\":\"SearchAction\",\"target\":{\"@type\":\"EntryPoint\",\"urlTemplate\":\"https:\/\/www.labuonaterrabio.it\/fr\/?s={search_term_string}\"},\"query-input\":{\"@type\":\"PropertyValueSpecification\",\"valueRequired\":true,\"valueName\":\"search_term_string\"}}],\"inLanguage\":\"fr-FR\"},{\"@type\":\"Organization\",\"@id\":\"https:\/\/www.labuonaterrabio.it\/fr\/#organization\",\"name\":\"La Buona Terra Bio\",\"url\":\"https:\/\/www.labuonaterrabio.it\/fr\/\",\"logo\":{\"@type\":\"ImageObject\",\"inLanguage\":\"fr-FR\",\"@id\":\"https:\/\/www.labuonaterrabio.it\/fr\/#\/schema\/logo\/image\/\",\"url\":\"https:\/\/www.labuonaterrabio.it\/fr\/wp-content\/uploads\/sites\/3\/logo-menu.svg\",\"contentUrl\":\"https:\/\/www.labuonaterrabio.it\/fr\/wp-content\/uploads\/sites\/3\/logo-menu.svg\",\"width\":1,\"height\":1,\"caption\":\"La Buona Terra Bio\"},\"image\":{\"@id\":\"https:\/\/www.labuonaterrabio.it\/fr\/#\/schema\/logo\/image\/\"}},{\"@type\":\"Person\",\"@id\":\"https:\/\/www.labuonaterrabio.it\/fr\/#\/schema\/person\/4a795fa2256a87cdd1a939297d5cf1f4\",\"name\":\"labuonaterrauser\",\"image\":{\"@type\":\"ImageObject\",\"inLanguage\":\"fr-FR\",\"@id\":\"https:\/\/secure.gravatar.com\/avatar\/dfad179d7e52e9fb6042dc99d92583d5c663d5cc3edb4067f2ce7f529f3110c9?s=96&d=mm&r=g\",\"url\":\"https:\/\/secure.gravatar.com\/avatar\/dfad179d7e52e9fb6042dc99d92583d5c663d5cc3edb4067f2ce7f529f3110c9?s=96&d=mm&r=g\",\"contentUrl\":\"https:\/\/secure.gravatar.com\/avatar\/dfad179d7e52e9fb6042dc99d92583d5c663d5cc3edb4067f2ce7f529f3110c9?s=96&d=mm&r=g\",\"caption\":\"labuonaterrauser\"}}]}<\/script>\n<!-- \/ Yoast SEO plugin. -->","yoast_head_json":{"title":"BIOFACH 2022 - La Buona Terra Bio","description":"La Buona Terra sera pr\u00e9sente du 26 au 29 juillet 2022 au BIOFACH, le principal salon mondial du secteur des produits biologiques, qui a lieu chaque ann\u00e9e \u00e0 Nuremberg.","robots":{"index":"index","follow":"follow","max-snippet":"max-snippet:-1","max-image-preview":"max-image-preview:large","max-video-preview":"max-video-preview:-1"},"canonical":"https:\/\/www.labuonaterrabio.it\/fr\/blog\/2022\/07\/27\/biofach-2022\/","og_locale":"fr_FR","og_type":"article","og_title":"BIOFACH 2022 - La Buona Terra Bio","og_description":"La Buona Terra sera pr\u00e9sente du 26 au 29 juillet 2022 au BIOFACH, le principal salon mondial du secteur des produits biologiques, qui a lieu chaque ann\u00e9e \u00e0 Nuremberg.","og_url":"https:\/\/www.labuonaterrabio.it\/fr\/blog\/2022\/07\/27\/biofach-2022\/","og_site_name":"labuonaterrabio fr","article_published_time":"2022-07-27T13:55:48+00:00","article_modified_time":"2026-03-24T10:53:43+00:00","og_image":[{"width":1920,"height":720,"url":"https:\/\/www.labuonaterrabio.it\/fr\/wp-content\/uploads\/sites\/3\/biofach2022.jpg","type":"image\/jpeg"}],"author":"labuonaterrauser","twitter_card":"summary_large_image","twitter_misc":{"\u00c9crit par":"labuonaterrauser","Dur\u00e9e de lecture estim\u00e9e":"1 minute"},"schema":{"@context":"https:\/\/schema.org","@graph":[{"@type":"Article","@id":"https:\/\/www.labuonaterrabio.it\/fr\/blog\/2022\/07\/27\/biofach-2022\/#article","isPartOf":{"@id":"https:\/\/www.labuonaterrabio.it\/fr\/blog\/2022\/07\/27\/biofach-2022\/"},"author":{"name":"labuonaterrauser","@id":"https:\/\/www.labuonaterrabio.it\/fr\/#\/schema\/person\/4a795fa2256a87cdd1a939297d5cf1f4"},"headline":"BIOFACH 2022","datePublished":"2022-07-27T13:55:48+00:00","dateModified":"2026-03-24T10:53:43+00:00","mainEntityOfPage":{"@id":"https:\/\/www.labuonaterrabio.it\/fr\/blog\/2022\/07\/27\/biofach-2022\/"},"wordCount":214,"commentCount":0,"publisher":{"@id":"https:\/\/www.labuonaterrabio.it\/fr\/#organization"},"image":{"@id":"https:\/\/www.labuonaterrabio.it\/fr\/blog\/2022\/07\/27\/biofach-2022\/#primaryimage"},"thumbnailUrl":"https:\/\/www.labuonaterrabio.it\/fr\/wp-content\/uploads\/sites\/3\/biofach2022.jpg","articleSection":["news"],"inLanguage":"fr-FR","potentialAction":[{"@type":"CommentAction","name":"Comment","target":["https:\/\/www.labuonaterrabio.it\/fr\/blog\/2022\/07\/27\/biofach-2022\/#respond"]}]},{"@type":"WebPage","@id":"https:\/\/www.labuonaterrabio.it\/fr\/blog\/2022\/07\/27\/biofach-2022\/","url":"https:\/\/www.labuonaterrabio.it\/fr\/blog\/2022\/07\/27\/biofach-2022\/","name":"BIOFACH 2022 - La Buona Terra Bio","isPartOf":{"@id":"https:\/\/www.labuonaterrabio.it\/fr\/#website"},"primaryImageOfPage":{"@id":"https:\/\/www.labuonaterrabio.it\/fr\/blog\/2022\/07\/27\/biofach-2022\/#primaryimage"},"image":{"@id":"https:\/\/www.labuonaterrabio.it\/fr\/blog\/2022\/07\/27\/biofach-2022\/#primaryimage"},"thumbnailUrl":"https:\/\/www.labuonaterrabio.it\/fr\/wp-content\/uploads\/sites\/3\/biofach2022.jpg","datePublished":"2022-07-27T13:55:48+00:00","dateModified":"2026-03-24T10:53:43+00:00","description":"La Buona Terra sera pr\u00e9sente du 26 au 29 juillet 2022 au BIOFACH, le principal salon mondial du secteur des produits biologiques, qui a lieu chaque ann\u00e9e \u00e0 Nuremberg.","breadcrumb":{"@id":"https:\/\/www.labuonaterrabio.it\/fr\/blog\/2022\/07\/27\/biofach-2022\/#breadcrumb"},"inLanguage":"fr-FR","potentialAction":[{"@type":"ReadAction","target":["https:\/\/www.labuonaterrabio.it\/fr\/blog\/2022\/07\/27\/biofach-2022\/"]}]},{"@type":"ImageObject","inLanguage":"fr-FR","@id":"https:\/\/www.labuonaterrabio.it\/fr\/blog\/2022\/07\/27\/biofach-2022\/#primaryimage","url":"https:\/\/www.labuonaterrabio.it\/fr\/wp-content\/uploads\/sites\/3\/biofach2022.jpg","contentUrl":"https:\/\/www.labuonaterrabio.it\/fr\/wp-content\/uploads\/sites\/3\/biofach2022.jpg","width":1920,"height":720},{"@type":"BreadcrumbList","@id":"https:\/\/www.labuonaterrabio.it\/fr\/blog\/2022\/07\/27\/biofach-2022\/#breadcrumb","itemListElement":[{"@type":"ListItem","position":1,"name":"Home","item":"https:\/\/www.labuonaterrabio.it\/fr\/"},{"@type":"ListItem","position":2,"name":"BIOFACH 2022"}]},{"@type":"WebSite","@id":"https:\/\/www.labuonaterrabio.it\/fr\/#website","url":"https:\/\/www.labuonaterrabio.it\/fr\/","name":"labuonaterrabio fr","description":"Un nuovo sito targato WordPress","publisher":{"@id":"https:\/\/www.labuonaterrabio.it\/fr\/#organization"},"potentialAction":[{"@type":"SearchAction","target":{"@type":"EntryPoint","urlTemplate":"https:\/\/www.labuonaterrabio.it\/fr\/?s={search_term_string}"},"query-input":{"@type":"PropertyValueSpecification","valueRequired":true,"valueName":"search_term_string"}}],"inLanguage":"fr-FR"},{"@type":"Organization","@id":"https:\/\/www.labuonaterrabio.it\/fr\/#organization","name":"La Buona Terra Bio","url":"https:\/\/www.labuonaterrabio.it\/fr\/","logo":{"@type":"ImageObject","inLanguage":"fr-FR","@id":"https:\/\/www.labuonaterrabio.it\/fr\/#\/schema\/logo\/image\/","url":"https:\/\/www.labuonaterrabio.it\/fr\/wp-content\/uploads\/sites\/3\/logo-menu.svg","contentUrl":"https:\/\/www.labuonaterrabio.it\/fr\/wp-content\/uploads\/sites\/3\/logo-menu.svg","width":1,"height":1,"caption":"La Buona Terra Bio"},"image":{"@id":"https:\/\/www.labuonaterrabio.it\/fr\/#\/schema\/logo\/image\/"}},{"@type":"Person","@id":"https:\/\/www.labuonaterrabio.it\/fr\/#\/schema\/person\/4a795fa2256a87cdd1a939297d5cf1f4","name":"labuonaterrauser","image":{"@type":"ImageObject","inLanguage":"fr-FR","@id":"https:\/\/secure.gravatar.com\/avatar\/dfad179d7e52e9fb6042dc99d92583d5c663d5cc3edb4067f2ce7f529f3110c9?s=96&d=mm&r=g","url":"https:\/\/secure.gravatar.com\/avatar\/dfad179d7e52e9fb6042dc99d92583d5c663d5cc3edb4067f2ce7f529f3110c9?s=96&d=mm&r=g","contentUrl":"https:\/\/secure.gravatar.com\/avatar\/dfad179d7e52e9fb6042dc99d92583d5c663d5cc3edb4067f2ce7f529f3110c9?s=96&d=mm&r=g","caption":"labuonaterrauser"}}]}},"_links":{"self":[{"href":"https:\/\/www.labuonaterrabio.it\/fr\/wp-json\/wp\/v2\/posts\/1622","targetHints":{"allow":["GET"]}}],"collection":[{"href":"https:\/\/www.labuonaterrabio.it\/fr\/wp-json\/wp\/v2\/posts"}],"about":[{"href":"https:\/\/www.labuonaterrabio.it\/fr\/wp-json\/wp\/v2\/types\/post"}],"author":[{"embeddable":true,"href":"https:\/\/www.labuonaterrabio.it\/fr\/wp-json\/wp\/v2\/users\/6"}],"replies":[{"embeddable":true,"href":"https:\/\/www.labuonaterrabio.it\/fr\/wp-json\/wp\/v2\/comments?post=1622"}],"version-history":[{"count":1,"href":"https:\/\/www.labuonaterrabio.it\/fr\/wp-json\/wp\/v2\/posts\/1622\/revisions"}],"predecessor-version":[{"id":1624,"href":"https:\/\/www.labuonaterrabio.it\/fr\/wp-json\/wp\/v2\/posts\/1622\/revisions\/1624"}],"wp:featuredmedia":[{"embeddable":true,"href":"https:\/\/www.labuonaterrabio.it\/fr\/wp-json\/wp\/v2\/media\/1623"}],"wp:attachment":[{"href":"https:\/\/www.labuonaterrabio.it\/fr\/wp-json\/wp\/v2\/media?parent=1622"}],"wp:term":[{"taxonomy":"category","embeddable":true,"href":"https:\/\/www.labuonaterrabio.it\/fr\/wp-json\/wp\/v2\/categories?post=1622"},{"taxonomy":"post_tag","embeddable":true,"href":"https:\/\/www.labuonaterrabio.it\/fr\/wp-json\/wp\/v2\/tags?post=1622"}],"curies":[{"name":"wp","href":"https:\/\/api.w.org\/{rel}","templated":true}]}}